{"id":17474,"date":"2022-01-31T11:25:25","date_gmt":"2022-01-31T14:25:25","guid":{"rendered":"https:\/\/toninembalagens.com.br\/?p=17474"},"modified":"2022-01-31T11:25:29","modified_gmt":"2022-01-31T14:25:29","slug":"campanha-mares-limpos-meio-ambiente-saudavel-e-oceanos-sem-plasticos","status":"publish","type":"post","link":"https:\/\/toninembalagens.com.br\/es\/campanha-mares-limpos-meio-ambiente-saudavel-e-oceanos-sem-plasticos\/","title":{"rendered":"Campanha Mares Limpos &#8211; Meio ambiente saud\u00e1vel e oceanos sem pl\u00e1sticos"},"content":{"rendered":"<div data-elementor-type=\"wp-post\" data-elementor-id=\"17474\" class=\"elementor elementor-17474\">\n\t\t\t\t\t\t<section class=\"elementor-section elementor-top-section elementor-element elementor-element-84c0ba6 elementor-section-boxed elementor-section-height-default elementor-section-height-default\" data-id=\"84c0ba6\" data-element_type=\"section\">\n\t\t\t\t\t\t<div class=\"elementor-container elementor-column-gap-default\">\n\t\t\t\t\t<div class=\"elementor-column elementor-col-100 elementor-top-column elementor-element elementor-element-74f08a4\" data-id=\"74f08a4\" data-element_type=\"column\">\n\t\t\t<div class=\"elementor-widget-wrap elementor-element-populated\">\n\t\t\t\t\t\t<div class=\"elementor-element elementor-element-ac8daab elementor-widget elementor-widget-text-editor\" data-id=\"ac8daab\" data-element_type=\"widget\" data-widget_type=\"text-editor.default\">\n\t\t\t\t<div class=\"elementor-widget-container\">\n\t\t\t\t\t\t\t\t\t<p>De acordo com an\u00e1lise divulgada pelo Programa das Na\u00e7\u00f5es Unidas para o Meio Ambiente (PNUMA), \u00e9 de extrema import\u00e2ncia a redu\u00e7\u00e3o do pl\u00e1stico desnecess\u00e1rio para enfrentar a crise global.<\/p><p>Apressar a transi\u00e7\u00e3o para energias renov\u00e1veis, cortar subs\u00eddios e adotar abordagens circulares auxiliar\u00e1 a reduzir os res\u00edduos pl\u00e1sticos na escala necess\u00e1ria, como afirmou o relat\u00f3rio Da Polui\u00e7\u00e3o \u00e0 Solu\u00e7\u00e3o. Um estudo global sobre lixo marinho e polui\u00e7\u00e3o pl\u00e1stica.<\/p>\t\t\t\t\t\t\t\t<\/div>\n\t\t\t\t<\/div>\n\t\t\t\t\t<\/div>\n\t\t<\/div>\n\t\t\t\t\t<\/div>\n\t\t<\/section>\n\t\t\t\t<section class=\"elementor-section elementor-top-section elementor-element elementor-element-665d56a elementor-section-boxed elementor-section-height-default elementor-section-height-default\" data-id=\"665d56a\" data-element_type=\"section\">\n\t\t\t\t\t\t<div class=\"elementor-container elementor-column-gap-default\">\n\t\t\t\t\t<div class=\"elementor-column elementor-col-100 elementor-top-column elementor-element elementor-element-21fb716\" data-id=\"21fb716\" data-element_type=\"column\">\n\t\t\t<div class=\"elementor-widget-wrap elementor-element-populated\">\n\t\t\t\t\t\t<div class=\"elementor-element elementor-element-f2fd396 elementor-widget elementor-widget-image\" data-id=\"f2fd396\" data-element_type=\"widget\" data-widget_type=\"image.default\">\n\t\t\t\t<div class=\"elementor-widget-container\">\n\t\t\t\t\t\t\t\t\t\t\t\t\t\t\t<img fetchpriority=\"high\" decoding=\"async\" width=\"1920\" height=\"1080\" src=\"https:\/\/toninembalagens.com.br\/wp-content\/uploads\/2022\/01\/Prancheta-1-7.jpg\" class=\"attachment-full size-full wp-image-17476\" alt=\"\" srcset=\"https:\/\/toninembalagens.com.br\/wp-content\/uploads\/2022\/01\/Prancheta-1-7.jpg 1920w, https:\/\/toninembalagens.com.br\/wp-content\/uploads\/2022\/01\/Prancheta-1-7-300x169.jpg 300w, https:\/\/toninembalagens.com.br\/wp-content\/uploads\/2022\/01\/Prancheta-1-7-1024x576.jpg 1024w, https:\/\/toninembalagens.com.br\/wp-content\/uploads\/2022\/01\/Prancheta-1-7-768x432.jpg 768w, https:\/\/toninembalagens.com.br\/wp-content\/uploads\/2022\/01\/Prancheta-1-7-1536x864.jpg 1536w, https:\/\/toninembalagens.com.br\/wp-content\/uploads\/2022\/01\/Prancheta-1-7-600x338.jpg 600w\" sizes=\"(max-width: 1920px) 100vw, 1920px\" \/>\t\t\t\t\t\t\t\t\t\t\t\t\t\t\t<\/div>\n\t\t\t\t<\/div>\n\t\t\t\t<div class=\"elementor-element elementor-element-4966a55 elementor-widget elementor-widget-text-editor\" data-id=\"4966a55\" data-element_type=\"widget\" data-widget_type=\"text-editor.default\">\n\t\t\t\t<div class=\"elementor-widget-container\">\n\t\t\t\t\t\t\t\t\t<p>O relat\u00f3rio indica que a polui\u00e7\u00e3o \u00e9 uma intimida\u00e7\u00e3o crescente em todos os ecossistemas, de onde a polui\u00e7\u00e3o come\u00e7a at\u00e9 o mar. Se refere tamb\u00e9m que, precisamos da vontade pol\u00edtica e da a\u00e7\u00e3o urgente dos governos para enfrentar esta crise.<\/p><p>O relat\u00f3rio abastecer\u00e1 as discuss\u00f5es na Assembleia das Na\u00e7\u00f5es Unidas para o meio ambiente em Mar\u00e7o deste ano, quando os pa\u00edses se reunir\u00e3o para decidir o caminho a tomar para a coopera\u00e7\u00e3o sobre o tema.<\/p><p>O estudo realizado evidencia que a polui\u00e7\u00e3o pl\u00e1stica nos ecossistemas aqu\u00e1ticos aumentou consideravelmente nos \u00faltimos anos e essa ocorr\u00eancia deve dobrar at\u00e9 2030, com graves consequ\u00eancias para diversos setores como: sa\u00fade, economia, clima e a biodiversidade.<\/p><p>A pesquisa realizada enfatiza que o pl\u00e1stico tamb\u00e9m \u00e9 um problema clim\u00e1tico, atrav\u00e9s de uma an\u00e1lise de ciclo de vida, estimou-se que em 2015 os pl\u00e1sticos estavam ligados \u00e0 fabrica\u00e7\u00e3o de 1,7 gigatoneladas de CO2 equivalentes, e em 2050 esse valor aumentar\u00e1 para cerca de 6,5 &#8211; 15% do or\u00e7amento global de carbono.<\/p>\t\t\t\t\t\t\t\t<\/div>\n\t\t\t\t<\/div>\n\t\t\t\t\t<\/div>\n\t\t<\/div>\n\t\t\t\t\t<\/div>\n\t\t<\/section>\n\t\t\t\t<section class=\"elementor-section elementor-top-section elementor-element elementor-element-3551a32 elementor-section-boxed elementor-section-height-default elementor-section-height-default\" data-id=\"3551a32\" data-element_type=\"section\">\n\t\t\t\t\t\t<div class=\"elementor-container elementor-column-gap-default\">\n\t\t\t\t\t<div class=\"elementor-column elementor-col-100 elementor-top-column elementor-element elementor-element-07501ba\" data-id=\"07501ba\" data-element_type=\"column\">\n\t\t\t<div class=\"elementor-widget-wrap elementor-element-populated\">\n\t\t\t\t\t\t<div class=\"elementor-element elementor-element-f113a40 elementor-widget elementor-widget-image\" data-id=\"f113a40\" data-element_type=\"widget\" data-widget_type=\"image.default\">\n\t\t\t\t<div class=\"elementor-widget-container\">\n\t\t\t\t\t\t\t\t\t\t\t\t\t\t\t<img decoding=\"async\" width=\"1920\" height=\"1080\" src=\"https:\/\/toninembalagens.com.br\/wp-content\/uploads\/2022\/01\/Prancheta-2-6.jpg\" class=\"attachment-full size-full wp-image-17477\" alt=\"\" srcset=\"https:\/\/toninembalagens.com.br\/wp-content\/uploads\/2022\/01\/Prancheta-2-6.jpg 1920w, https:\/\/toninembalagens.com.br\/wp-content\/uploads\/2022\/01\/Prancheta-2-6-300x169.jpg 300w, https:\/\/toninembalagens.com.br\/wp-content\/uploads\/2022\/01\/Prancheta-2-6-1024x576.jpg 1024w, https:\/\/toninembalagens.com.br\/wp-content\/uploads\/2022\/01\/Prancheta-2-6-768x432.jpg 768w, https:\/\/toninembalagens.com.br\/wp-content\/uploads\/2022\/01\/Prancheta-2-6-1536x864.jpg 1536w, https:\/\/toninembalagens.com.br\/wp-content\/uploads\/2022\/01\/Prancheta-2-6-600x338.jpg 600w\" sizes=\"(max-width: 1920px) 100vw, 1920px\" \/>\t\t\t\t\t\t\t\t\t\t\t\t\t\t\t<\/div>\n\t\t\t\t<\/div>\n\t\t\t\t<div class=\"elementor-element elementor-element-282e3e6 elementor-widget elementor-widget-text-editor\" data-id=\"282e3e6\" data-element_type=\"widget\" data-widget_type=\"text-editor.default\">\n\t\t\t\t<div class=\"elementor-widget-container\">\n\t\t\t\t\t\t\t\t\t<p>Os autores do relat\u00f3rio rejeitam a possibilidade de reciclagem como uma alternativa para esta crise e alertam para possibilidades nocivas aos produtos de uso \u00fanico, assim como pl\u00e1sticos de base biol\u00f3gica ou biodegrad\u00e1veis, que hoje representam uma amea\u00e7a qu\u00edmica conforme os pl\u00e1sticos convencionais.<\/p><p>&#8220;Esta pesquisa fornece o argumento cient\u00edfico mais forte at\u00e9 hoje para responder \u00e0 urg\u00eancia, agir coletivamente e proteger e restaurar nossos oceanos e todos os ecossistemas afetados pela polui\u00e7\u00e3o em seu curso&#8221;, enunciou Inger Andersen &#8211; diretora executiva do PNUMA.<\/p><p>&#8220;Uma grande preocupa\u00e7\u00e3o \u00e9 o destino dos micropl\u00e1sticos, aditivos qu\u00edmicos e outros produtos fragmentados, muitos dos quais s\u00e3o conhecidos por serem t\u00f3xicos e perigosos para a sa\u00fade humana, a vida selvagem e os ecossistemas. A velocidade com que a polui\u00e7\u00e3o oce\u00e2nica est\u00e1 captando a aten\u00e7\u00e3o do p\u00fablico \u00e9 encorajadora e \u00e9 vital que aproveitemos este impulso para alcan\u00e7ar um oceano limpo, saud\u00e1vel e resiliente&#8221;, complementou Andersen.<\/p><p>O relat\u00f3rio ressalta que o pl\u00e1stico representa 85% dos res\u00edduos que chegam aos oceanos e informa que at\u00e9 2040, a quantidade de pl\u00e1stico que chega ao mar triplicar\u00e1, com um volume anual entre 23 a 37 milh\u00f5es de toneladas &#8211; cerca de 50 Kg de pl\u00e1stico por metro de costa em todo o mundo.<\/p><p>Com isso, todas as esp\u00e9cies marinhas como aves, tartarugas, moluscos e mam\u00edferos, enfrentam riscos de envenenamento e dist\u00farbios comportamentais, fome e asfixia. Da mesma forma como os corais, mangues e ervas marinhas que ser\u00e3o sufocados por detritos pl\u00e1sticos que os impossibilita de receber oxig\u00eanio e luz.<\/p><p>O ser humano tamb\u00e9m \u00e9 suscet\u00edvel \u00e0 contamina\u00e7\u00e3o por res\u00edduos pl\u00e1sticos em fontes de \u00e1gua, podendo gerar contamina\u00e7\u00e3o hormonal, dist\u00farbios de desenvolvimento, anomalias reprodutivas e c\u00e2ncer. Os pl\u00e1sticos s\u00e3o absorvidos atrav\u00e9s de frutos do mar, bebidas ou at\u00e9 mesmo o sal. Podem tamb\u00e9m ser absorvidos na pele, podendo ser inalados quando suspensos no ar.<\/p>\t\t\t\t\t\t\t\t<\/div>\n\t\t\t\t<\/div>\n\t\t\t\t<div class=\"elementor-element elementor-element-55946d5 elementor-widget elementor-widget-image\" data-id=\"55946d5\" data-element_type=\"widget\" data-widget_type=\"image.default\">\n\t\t\t\t<div class=\"elementor-widget-container\">\n\t\t\t\t\t\t\t\t\t\t\t\t\t\t\t<img decoding=\"async\" width=\"800\" height=\"450\" src=\"https:\/\/toninembalagens.com.br\/wp-content\/uploads\/2022\/01\/Prancheta-3-4-1024x576.jpg\" class=\"attachment-large size-large wp-image-17478\" alt=\"\" srcset=\"https:\/\/toninembalagens.com.br\/wp-content\/uploads\/2022\/01\/Prancheta-3-4-1024x576.jpg 1024w, https:\/\/toninembalagens.com.br\/wp-content\/uploads\/2022\/01\/Prancheta-3-4-300x169.jpg 300w, https:\/\/toninembalagens.com.br\/wp-content\/uploads\/2022\/01\/Prancheta-3-4-768x432.jpg 768w, https:\/\/toninembalagens.com.br\/wp-content\/uploads\/2022\/01\/Prancheta-3-4-1536x864.jpg 1536w, https:\/\/toninembalagens.com.br\/wp-content\/uploads\/2022\/01\/Prancheta-3-4-600x338.jpg 600w, https:\/\/toninembalagens.com.br\/wp-content\/uploads\/2022\/01\/Prancheta-3-4.jpg 1920w\" sizes=\"(max-width: 800px) 100vw, 800px\" \/>\t\t\t\t\t\t\t\t\t\t\t\t\t\t\t<\/div>\n\t\t\t\t<\/div>\n\t\t\t\t<div class=\"elementor-element elementor-element-f2fdccc elementor-widget elementor-widget-text-editor\" data-id=\"f2fdccc\" data-element_type=\"widget\" data-widget_type=\"text-editor.default\">\n\t\t\t\t<div class=\"elementor-widget-container\">\n\t\t\t\t\t\t\t\t\t<p>O lixo marinho prejudica tamb\u00e9m a economia global, afinal os custos da polui\u00e7\u00e3o pl\u00e1stica no turismo, pesca e outras atividades, como por exemplo a limpeza, foram calculados em 6 a 19 bilh\u00f5es de d\u00f3lares no ano de 2018.<\/p><p>Estima-se que at\u00e9 2040 h\u00e1 possibilidade de ocorrer um risco financeiro anual de 100 bilh\u00f5es de d\u00f3lares para as empresas, caso os governos exijam que as mesmas cubram os custos da gest\u00e3o de res\u00edduos nas quantidades previstas.<\/p><p>O relat\u00f3rio requer a redu\u00e7\u00e3o imediata dos pl\u00e1sticos, estimula a transforma\u00e7\u00e3o de toda a cadeia de valor envolvida e indica a necessidade de fortalecer os investimentos em sistemas de monitoramento muito mais abrangentes e eficiente para detectar a origem, escala e destino do pl\u00e1stico, assim como o desenvolvimento de uma estrutura de risco, que hoje em dia n\u00e3o h\u00e1 globalmente.<\/p><p>O estudo entende que \u00e9 preciso uma mudan\u00e7a para abordagens circulares, englobando pr\u00e1ticas de consumo e fabrica\u00e7\u00e3o sustent\u00e1vel, o desenvolvimento e ado\u00e7\u00e3o acelerada de alternativas pelas empresas, em maior conscientiza\u00e7\u00e3o do consumidor para encorajar escolhas respons\u00e1veis.<\/p><p>O <a href=\"https:\/\/www.unep.org\/pt-br\">PNUMA<\/a> \u00e9 a principal voz global sobre o meio ambiente, incentivando a parceria no cuidado com o meio ambiente, informando, influenciando e permitindo que as na\u00e7\u00f5es e os povos tenham qualidade de vida sem comprometer as futuras gera\u00e7\u00f5es.<\/p><p>A Campanha Mares Limpos tem como objetivo quebrar o v\u00edcio da humanidade em pl\u00e1sticos desnecess\u00e1rios, dos quais quase 11 milh\u00f5es de toneladas acabam no oceano anualmente. Ela foi divulgada em 2017 pelo PNUMA e desde ent\u00e3o, 62 Estados Membros &#8211; cobrindo 60% da costa mundial &#8211; abra\u00e7aram a campanha com promessas e compromissos ambiciosos.<\/p>\t\t\t\t\t\t\t\t<\/div>\n\t\t\t\t<\/div>\n\t\t\t\t\t<\/div>\n\t\t<\/div>\n\t\t\t\t\t<\/div>\n\t\t<\/section>\n\t\t\t\t<\/div>","protected":false},"excerpt":{"rendered":"<p>De acordo com an\u00e1lise divulgada pelo Programa das Na\u00e7\u00f5es Unidas para o Meio Ambiente (PNUMA), \u00e9 de extrema import\u00e2ncia a redu\u00e7\u00e3o do pl\u00e1stico desnecess\u00e1rio para enfrentar a crise global.<\/p>\n<p>Apressar a transi\u00e7\u00e3o para energias renov\u00e1veis, cortar subs\u00eddios e adotar abordagens circulares auxiliar\u00e1 a reduzir os res\u00edduos pl\u00e1sticos na escala necess\u00e1ria, como afirmou o relat\u00f3rio  Da Polui\u00e7\u00e3o \u00e0 Solu\u00e7\u00e3o. Um estudo global sobre lixo marinho e polui\u00e7\u00e3o pl\u00e1stica.<\/p>\n<p> <a class=\"more-link\" href=\"https:\/\/toninembalagens.com.br\/es\/campanha-mares-limpos-meio-ambiente-saudavel-e-oceanos-sem-plasticos\/\">Leer m\u00e1s<\/a><\/p>","protected":false},"author":2,"featured_media":17482,"comment_status":"open","ping_status":"open","sticky":false,"template":"","format":"standard","meta":{"footnotes":""},"categories":[77,82],"tags":[91,90,84,85,81],"class_list":{"0":"post-17474","1":"post","2":"type-post","3":"status-publish","4":"format-standard","5":"has-post-thumbnail","7":"category-beneficios","8":"category-industria-do-plastico","9":"tag-campanha-mares-limpos","10":"tag-meio-ambiente","11":"tag-plastico","12":"tag-sustentabilidade","13":"tag-tonin"},"_links":{"self":[{"href":"https:\/\/toninembalagens.com.br\/es\/wp-json\/wp\/v2\/posts\/17474","targetHints":{"allow":["GET"]}}],"collection":[{"href":"https:\/\/toninembalagens.com.br\/es\/wp-json\/wp\/v2\/posts"}],"about":[{"href":"https:\/\/toninembalagens.com.br\/es\/wp-json\/wp\/v2\/types\/post"}],"author":[{"embeddable":true,"href":"https:\/\/toninembalagens.com.br\/es\/wp-json\/wp\/v2\/users\/2"}],"replies":[{"embeddable":true,"href":"https:\/\/toninembalagens.com.br\/es\/wp-json\/wp\/v2\/comments?post=17474"}],"version-history":[{"count":5,"href":"https:\/\/toninembalagens.com.br\/es\/wp-json\/wp\/v2\/posts\/17474\/revisions"}],"predecessor-version":[{"id":17483,"href":"https:\/\/toninembalagens.com.br\/es\/wp-json\/wp\/v2\/posts\/17474\/revisions\/17483"}],"wp:featuredmedia":[{"embeddable":true,"href":"https:\/\/toninembalagens.com.br\/es\/wp-json\/wp\/v2\/media\/17482"}],"wp:attachment":[{"href":"https:\/\/toninembalagens.com.br\/es\/wp-json\/wp\/v2\/media?parent=17474"}],"wp:term":[{"taxonomy":"category","embeddable":true,"href":"https:\/\/toninembalagens.com.br\/es\/wp-json\/wp\/v2\/categories?post=17474"},{"taxonomy":"post_tag","embeddable":true,"href":"https:\/\/toninembalagens.com.br\/es\/wp-json\/wp\/v2\/tags?post=17474"}],"curies":[{"name":"wp","href":"https:\/\/api.w.org\/{rel}","templated":true}]}}