{"id":29526,"date":"2024-01-09T10:56:40","date_gmt":"2024-01-09T13:56:40","guid":{"rendered":"https:\/\/toninembalagens.com.br\/?p=29526"},"modified":"2024-01-09T10:56:42","modified_gmt":"2024-01-09T13:56:42","slug":"a-importancia-vital-de-proteger-seus-produtos-uma-jornada-pelo-marketing-de-experiencia-e-embalagens-100-reciclaveis","status":"publish","type":"post","link":"https:\/\/toninembalagens.com.br\/en\/a-importancia-vital-de-proteger-seus-produtos-uma-jornada-pelo-marketing-de-experiencia-e-embalagens-100-reciclaveis\/","title":{"rendered":"A Import\u00e2ncia Vital de Proteger Seus Produtos: Uma Jornada pelo Marketing de Experi\u00eancia e Embalagens 100% Recicl\u00e1veis"},"content":{"rendered":"<div data-elementor-type=\"wp-post\" data-elementor-id=\"29526\" class=\"elementor elementor-29526\">\n\t\t\t\t\t\t<section class=\"elementor-section elementor-top-section elementor-element elementor-element-84c0ba6 elementor-section-boxed elementor-section-height-default elementor-section-height-default\" data-id=\"84c0ba6\" data-element_type=\"section\">\n\t\t\t\t\t\t<div class=\"elementor-container elementor-column-gap-default\">\n\t\t\t\t\t<div class=\"elementor-column elementor-col-100 elementor-top-column elementor-element elementor-element-74f08a4\" data-id=\"74f08a4\" data-element_type=\"column\">\n\t\t\t<div class=\"elementor-widget-wrap elementor-element-populated\">\n\t\t\t\t\t\t<div class=\"elementor-element elementor-element-ac8daab elementor-widget elementor-widget-text-editor\" data-id=\"ac8daab\" data-element_type=\"widget\" data-widget_type=\"text-editor.default\">\n\t\t\t\t<div class=\"elementor-widget-container\">\n\t\t\t\t\t\t\t\t\t<p>Em um mundo onde a qualidade do produto muitas vezes se iguala \u00e0 experi\u00eancia do cliente, a prote\u00e7\u00e3o eficiente durante o transporte e armazenamento torna-se uma prioridade essencial para empresas vision\u00e1rias. Este artigo explora a import\u00e2ncia de proteger seus produtos, mergulhando no universo do marketing de experi\u00eancia e destacando os benef\u00edcios de embalagens 100% recicl\u00e1veis.<\/p>\t\t\t\t\t\t\t\t<\/div>\n\t\t\t\t<\/div>\n\t\t\t\t<div class=\"elementor-element elementor-element-4966a55 elementor-widget elementor-widget-text-editor\" data-id=\"4966a55\" data-element_type=\"widget\" data-widget_type=\"text-editor.default\">\n\t\t\t\t<div class=\"elementor-widget-container\">\n\t\t\t\t\t\t\t\t\t<h2>Marketing de Experi\u00eancia &#8211; Elevando Seus Produtos a um Novo Patamar<\/h2><p>O marketing de experi\u00eancia transcende a simples compra de um produto; ele se concentra na jornada completa do cliente. Embalagens bem projetadas n\u00e3o apenas protegem seus itens, mas tamb\u00e9m criam uma experi\u00eancia memor\u00e1vel. Produtos embalados com cuidado e criatividade envolvem os consumidores desde o primeiro contato, gerando uma conex\u00e3o emocional que vai al\u00e9m da funcionalidade.<\/p>\t\t\t\t\t\t\t\t<\/div>\n\t\t\t\t<\/div>\n\t\t\t\t<div class=\"elementor-element elementor-element-672a2d0 elementor-widget elementor-widget-text-editor\" data-id=\"672a2d0\" data-element_type=\"widget\" data-widget_type=\"text-editor.default\">\n\t\t\t\t<div class=\"elementor-widget-container\">\n\t\t\t\t\t\t\t\t\t<h2>A Arte de Embalar: Cantoneiras, Perfis e Tubos em Destaque<\/h2>\t\t\t\t\t\t\t\t<\/div>\n\t\t\t\t<\/div>\n\t\t\t\t<div class=\"elementor-element elementor-element-48a2af3 elementor-widget elementor-widget-image\" data-id=\"48a2af3\" data-element_type=\"widget\" data-widget_type=\"image.default\">\n\t\t\t\t<div class=\"elementor-widget-container\">\n\t\t\t\t\t\t\t\t\t\t\t\t\t\t\t<img fetchpriority=\"high\" decoding=\"async\" width=\"768\" height=\"432\" src=\"https:\/\/toninembalagens.com.br\/wp-content\/uploads\/2024\/01\/02-1.jpg\" class=\"attachment-full size-full wp-image-29528\" alt=\"\" srcset=\"https:\/\/toninembalagens.com.br\/wp-content\/uploads\/2024\/01\/02-1.jpg 768w, https:\/\/toninembalagens.com.br\/wp-content\/uploads\/2024\/01\/02-1-300x169.jpg 300w, https:\/\/toninembalagens.com.br\/wp-content\/uploads\/2024\/01\/02-1-18x10.jpg 18w\" sizes=\"(max-width: 768px) 100vw, 768px\" \/>\t\t\t\t\t\t\t\t\t\t\t\t\t\t\t<\/div>\n\t\t\t\t<\/div>\n\t\t\t\t<div class=\"elementor-element elementor-element-918c57f elementor-widget elementor-widget-text-editor\" data-id=\"918c57f\" data-element_type=\"widget\" data-widget_type=\"text-editor.default\">\n\t\t\t\t<div class=\"elementor-widget-container\">\n\t\t\t\t\t\t\t\t\t<p>Cantoneiras em Polietileno: Defensoras da integridade, essas cantoneiras n\u00e3o apenas protegem laterais de m\u00f3veis, vidros e equipamentos eletr\u00f4nicos, mas elevam a est\u00e9tica da embalagem. O consumidor percebe o esfor\u00e7o em proporcionar uma prote\u00e7\u00e3o eficaz.<\/p>\t\t\t\t\t\t\t\t<\/div>\n\t\t\t\t<\/div>\n\t\t\t\t\t<\/div>\n\t\t<\/div>\n\t\t\t\t\t<\/div>\n\t\t<\/section>\n\t\t\t\t<section class=\"elementor-section elementor-top-section elementor-element elementor-element-665d56a elementor-section-boxed elementor-section-height-default elementor-section-height-default\" data-id=\"665d56a\" data-element_type=\"section\">\n\t\t\t\t\t\t<div class=\"elementor-container elementor-column-gap-default\">\n\t\t\t\t\t<div class=\"elementor-column elementor-col-100 elementor-top-column elementor-element elementor-element-21fb716\" data-id=\"21fb716\" data-element_type=\"column\">\n\t\t\t<div class=\"elementor-widget-wrap elementor-element-populated\">\n\t\t\t\t\t\t<div class=\"elementor-element elementor-element-396b4ab elementor-widget elementor-widget-image\" data-id=\"396b4ab\" data-element_type=\"widget\" data-widget_type=\"image.default\">\n\t\t\t\t<div class=\"elementor-widget-container\">\n\t\t\t\t\t\t\t\t\t\t\t\t\t\t\t<img decoding=\"async\" width=\"768\" height=\"432\" src=\"https:\/\/toninembalagens.com.br\/wp-content\/uploads\/2024\/01\/03.jpg\" class=\"attachment-full size-full wp-image-29529\" alt=\"\" srcset=\"https:\/\/toninembalagens.com.br\/wp-content\/uploads\/2024\/01\/03.jpg 768w, https:\/\/toninembalagens.com.br\/wp-content\/uploads\/2024\/01\/03-300x169.jpg 300w, https:\/\/toninembalagens.com.br\/wp-content\/uploads\/2024\/01\/03-18x10.jpg 18w\" sizes=\"(max-width: 768px) 100vw, 768px\" \/>\t\t\t\t\t\t\t\t\t\t\t\t\t\t\t<\/div>\n\t\t\t\t<\/div>\n\t\t\t\t<div class=\"elementor-element elementor-element-5d71320 elementor-widget elementor-widget-text-editor\" data-id=\"5d71320\" data-element_type=\"widget\" data-widget_type=\"text-editor.default\">\n\t\t\t\t<div class=\"elementor-widget-container\">\n\t\t\t\t\t\t\t\t\t<p>Perfis de Espuma de Polietileno: Com uma miss\u00e3o de amortecer batidas e quedas, esses perfis n\u00e3o s\u00e3o apenas guardi\u00f5es das mercadorias, mas tamb\u00e9m promovem a sensa\u00e7\u00e3o de cuidado e compromisso da empresa com a qualidade.<\/p>\t\t\t\t\t\t\t\t<\/div>\n\t\t\t\t<\/div>\n\t\t\t\t<div class=\"elementor-element elementor-element-d8d355a elementor-widget elementor-widget-image\" data-id=\"d8d355a\" data-element_type=\"widget\" data-widget_type=\"image.default\">\n\t\t\t\t<div class=\"elementor-widget-container\">\n\t\t\t\t\t\t\t\t\t\t\t\t\t\t\t<img decoding=\"async\" width=\"768\" height=\"432\" src=\"https:\/\/toninembalagens.com.br\/wp-content\/uploads\/2024\/01\/04.jpg\" class=\"attachment-full size-full wp-image-29530\" alt=\"\" srcset=\"https:\/\/toninembalagens.com.br\/wp-content\/uploads\/2024\/01\/04.jpg 768w, https:\/\/toninembalagens.com.br\/wp-content\/uploads\/2024\/01\/04-300x169.jpg 300w, https:\/\/toninembalagens.com.br\/wp-content\/uploads\/2024\/01\/04-18x10.jpg 18w\" sizes=\"(max-width: 768px) 100vw, 768px\" \/>\t\t\t\t\t\t\t\t\t\t\t\t\t\t\t<\/div>\n\t\t\t\t<\/div>\n\t\t\t\t<div class=\"elementor-element elementor-element-e4dd2c5 elementor-widget elementor-widget-text-editor\" data-id=\"e4dd2c5\" data-element_type=\"widget\" data-widget_type=\"text-editor.default\">\n\t\t\t\t<div class=\"elementor-widget-container\">\n\t\t\t\t\t\t\t\t\t<p>Tubos em Polietileno Expandido: Salvaguardando os p\u00e9s de mesas e cadeiras, esses tubos n\u00e3o s\u00f3 previnem danos f\u00edsicos, mas transmitem uma mensagem clara de responsabilidade ambiental, sendo 100% recicl\u00e1veis.<\/p>\t\t\t\t\t\t\t\t<\/div>\n\t\t\t\t<\/div>\n\t\t\t\t<div class=\"elementor-element elementor-element-096e466 elementor-widget elementor-widget-text-editor\" data-id=\"096e466\" data-element_type=\"widget\" data-widget_type=\"text-editor.default\">\n\t\t\t\t<div class=\"elementor-widget-container\">\n\t\t\t\t\t\t\t\t\t<h2>A Sustentabilidade como Diferencial Competitivo<\/h2><p>Al\u00e9m da prote\u00e7\u00e3o f\u00edsica, a sustentabilidade est\u00e1 no cerne da inova\u00e7\u00e3o. Embalagens 100% recicl\u00e1veis n\u00e3o apenas contribuem para a preserva\u00e7\u00e3o do meio ambiente, mas tamb\u00e9m atraem consumidores conscientes, criando uma imagem positiva para a marca. Ao adotar pr\u00e1ticas ecologicamente corretas, sua empresa se posiciona como parte ativa da solu\u00e7\u00e3o para os desafios ambientais.<\/p>\t\t\t\t\t\t\t\t<\/div>\n\t\t\t\t<\/div>\n\t\t\t\t<div class=\"elementor-element elementor-element-0ad94b8 elementor-widget elementor-widget-text-editor\" data-id=\"0ad94b8\" data-element_type=\"widget\" data-widget_type=\"text-editor.default\">\n\t\t\t\t<div class=\"elementor-widget-container\">\n\t\t\t\t\t\t\t\t\t<h2>Redu\u00e7\u00e3o de Custos e Valor Percebido<\/h2><p>Investir em embalagens eficientes n\u00e3o \u00e9 apenas uma precau\u00e7\u00e3o, mas uma estrat\u00e9gia inteligente de neg\u00f3cios. A prote\u00e7\u00e3o adequada reduz os custos com assist\u00eancia t\u00e9cnica e p\u00f3s-venda, gerando economia a longo prazo. Al\u00e9m disso, a percep\u00e7\u00e3o de qualidade associada a produtos bem embalados pode justificar pre\u00e7os premium, criando valor percebido para o consumidor.<\/p><p>Embalagens bem pensadas n\u00e3o s\u00e3o apenas uma medida de seguran\u00e7a; s\u00e3o uma declara\u00e7\u00e3o de compromisso com a excel\u00eancia e o cuidado com o cliente. Ao integrar o marketing de experi\u00eancia e a sustentabilidade, sua empresa n\u00e3o apenas protege seus produtos, mas tamb\u00e9m constr\u00f3i uma marca que ressoa com os valores dos consumidores modernos. Afinal, proteger vai al\u00e9m do f\u00edsico; trata-se de garantir uma jornada completa e satisfat\u00f3ria para quem escolhe seus produtos.<\/p><p><span style=\"font-weight: 400;\">Voc\u00ea pode contar com as embalagens pl\u00e1sticas da Tonin Pl\u00e1sticos e Embalagens, para garantir a prote\u00e7\u00e3o dos seus produtos. Possu\u00edmos mais de 12 anos de experi\u00eancia na produ\u00e7\u00e3o de embalagens para as ind\u00fastrias, contamos com: pl\u00e1stico bolha, mantas de polietileno expandido, perfis, tubos e cantoneiras, embalagens de pl\u00e1stico liso entre outras. <\/span><span style=\"color: #3366ff;\"><strong><span style=\"text-decoration: underline;\"><a style=\"color: #3366ff; text-decoration: underline;\" href=\"https:\/\/toninembalagens.com.br\/en\/#contato\">Entre em contato conosco e fa\u00e7a seu or\u00e7amento.<\/a><\/span><\/strong><\/span><\/p>\t\t\t\t\t\t\t\t<\/div>\n\t\t\t\t<\/div>\n\t\t\t\t<div class=\"elementor-element elementor-element-f3f0691 elementor-widget elementor-widget-image\" data-id=\"f3f0691\" data-element_type=\"widget\" data-widget_type=\"image.default\">\n\t\t\t\t<div class=\"elementor-widget-container\">\n\t\t\t\t\t\t\t\t\t\t\t\t\t\t\t\t<a href=\"\/en\/#contato\">\n\t\t\t\t\t\t\t<img loading=\"lazy\" decoding=\"async\" width=\"900\" height=\"300\" src=\"https:\/\/toninembalagens.com.br\/wp-content\/uploads\/2023\/05\/6.png\" class=\"attachment-full size-full wp-image-28193\" alt=\"\" srcset=\"https:\/\/toninembalagens.com.br\/wp-content\/uploads\/2023\/05\/6.png 900w, https:\/\/toninembalagens.com.br\/wp-content\/uploads\/2023\/05\/6-300x100.png 300w, https:\/\/toninembalagens.com.br\/wp-content\/uploads\/2023\/05\/6-768x256.png 768w, https:\/\/toninembalagens.com.br\/wp-content\/uploads\/2023\/05\/6-18x6.png 18w\" sizes=\"(max-width: 900px) 100vw, 900px\" \/>\t\t\t\t\t\t\t\t<\/a>\n\t\t\t\t\t\t\t\t\t\t\t\t\t\t\t<\/div>\n\t\t\t\t<\/div>\n\t\t\t\t\t<\/div>\n\t\t<\/div>\n\t\t\t\t\t<\/div>\n\t\t<\/section>\n\t\t\t\t<\/div>","protected":false},"excerpt":{"rendered":"<p>Em um mundo onde a qualidade do produto muitas vezes se iguala \u00e0 experi\u00eancia do cliente, a prote\u00e7\u00e3o eficiente durante o transporte e armazenamento torna-se uma prioridade essencial para empresas vision\u00e1rias. Este artigo explora a import\u00e2ncia de proteger seus produtos, mergulhando no universo do marketing de experi\u00eancia e destacando os benef\u00edcios de embalagens 100% recicl\u00e1veis.<\/p>\n<p> <a class=\"more-link\" href=\"https:\/\/toninembalagens.com.br\/en\/a-importancia-vital-de-proteger-seus-produtos-uma-jornada-pelo-marketing-de-experiencia-e-embalagens-100-reciclaveis\/\">Read more<\/a><\/p>","protected":false},"author":1,"featured_media":29536,"comment_status":"open","ping_status":"open","sticky":false,"template":"","format":"standard","meta":{"footnotes":""},"categories":[77,82],"tags":[121,87,122,123],"class_list":{"0":"post-29526","1":"post","2":"type-post","3":"status-publish","4":"format-standard","5":"has-post-thumbnail","7":"category-beneficios","8":"category-industria-do-plastico","9":"tag-embalagem-flexivel","10":"tag-plastico-bolha","11":"tag-plastico-termoencolhivel","12":"tag-sacos-plasticos"},"_links":{"self":[{"href":"https:\/\/toninembalagens.com.br\/en\/wp-json\/wp\/v2\/posts\/29526","targetHints":{"allow":["GET"]}}],"collection":[{"href":"https:\/\/toninembalagens.com.br\/en\/wp-json\/wp\/v2\/posts"}],"about":[{"href":"https:\/\/toninembalagens.com.br\/en\/wp-json\/wp\/v2\/types\/post"}],"author":[{"embeddable":true,"href":"https:\/\/toninembalagens.com.br\/en\/wp-json\/wp\/v2\/users\/1"}],"replies":[{"embeddable":true,"href":"https:\/\/toninembalagens.com.br\/en\/wp-json\/wp\/v2\/comments?post=29526"}],"version-history":[{"count":5,"href":"https:\/\/toninembalagens.com.br\/en\/wp-json\/wp\/v2\/posts\/29526\/revisions"}],"predecessor-version":[{"id":29537,"href":"https:\/\/toninembalagens.com.br\/en\/wp-json\/wp\/v2\/posts\/29526\/revisions\/29537"}],"wp:featuredmedia":[{"embeddable":true,"href":"https:\/\/toninembalagens.com.br\/en\/wp-json\/wp\/v2\/media\/29536"}],"wp:attachment":[{"href":"https:\/\/toninembalagens.com.br\/en\/wp-json\/wp\/v2\/media?parent=29526"}],"wp:term":[{"taxonomy":"category","embeddable":true,"href":"https:\/\/toninembalagens.com.br\/en\/wp-json\/wp\/v2\/categories?post=29526"},{"taxonomy":"post_tag","embeddable":true,"href":"https:\/\/toninembalagens.com.br\/en\/wp-json\/wp\/v2\/tags?post=29526"}],"curies":[{"name":"wp","href":"https:\/\/api.w.org\/{rel}","templated":true}]}}