{"id":23598,"date":"2022-11-23T14:06:38","date_gmt":"2022-11-23T17:06:38","guid":{"rendered":"https:\/\/toninembalagens.com.br\/?p=23598"},"modified":"2023-01-26T17:39:16","modified_gmt":"2023-01-26T20:39:16","slug":"tendencia-para-o-futuro-das-embalagens-plasticas","status":"publish","type":"post","link":"https:\/\/toninembalagens.com.br\/en\/tendencia-para-o-futuro-das-embalagens-plasticas\/","title":{"rendered":"Tend\u00eancia para o futuro das embalagens pl\u00e1sticas"},"content":{"rendered":"<div data-elementor-type=\"wp-post\" data-elementor-id=\"23598\" class=\"elementor elementor-23598\">\n\t\t\t\t\t\t<section class=\"elementor-section elementor-top-section elementor-element elementor-element-84c0ba6 elementor-section-boxed elementor-section-height-default elementor-section-height-default\" data-id=\"84c0ba6\" data-element_type=\"section\">\n\t\t\t\t\t\t<div class=\"elementor-container elementor-column-gap-default\">\n\t\t\t\t\t<div class=\"elementor-column elementor-col-100 elementor-top-column elementor-element elementor-element-74f08a4\" data-id=\"74f08a4\" data-element_type=\"column\">\n\t\t\t<div class=\"elementor-widget-wrap elementor-element-populated\">\n\t\t\t\t\t\t<div class=\"elementor-element elementor-element-ac8daab elementor-widget elementor-widget-text-editor\" data-id=\"ac8daab\" data-element_type=\"widget\" data-widget_type=\"text-editor.default\">\n\t\t\t\t<div class=\"elementor-widget-container\">\n\t\t\t\t\t\t\t\t\t<p>O futuro das embalagens pl\u00e1sticas vem sendo discutido e a ind\u00fastria vem buscando melhorias na utiliza\u00e7\u00e3o deste material, para colaborar mais com a preserva\u00e7\u00e3o do meio ambiente. Um dos principais pontos para o material ser mais sustent\u00e1vel \u00e9 achar meios de incentivar o ciclo de reutiliza\u00e7\u00e3o do pl\u00e1stico.<\/p><p>Outra quest\u00e3o, relacionada com o futuro das embalagens pl\u00e1sticas, \u00e9 a sua import\u00e2ncia para a economia e as ind\u00fastrias de diversos setores, por possuir caracter\u00edsticas que diminuem o custo de produ\u00e7\u00e3o dos produtos, facilitando, tamb\u00e9m, o transporte e armazenamento dos mesmos.<\/p><p>Agora vamos conhecer algumas tend\u00eancias para o futuro das embalagens pl\u00e1sticas, com refer\u00eancia nas transforma\u00e7\u00f5es que o mundo vem passando.<\/p><h2>Embalagens antivirais<\/h2><p>Ap\u00f3s o mundo passar pela pandemia do Corona V\u00edrus, a utiliza\u00e7\u00e3o de embalagens descart\u00e1veis e mais higi\u00eanicas se tornou fundamental, para garantir a sa\u00fade da popula\u00e7\u00e3o e evitar a dissemina\u00e7\u00e3o do v\u00edrus. Por este motivo, umas das tend\u00eancias para o futuro podem ser o desenvolvimento e produ\u00e7\u00e3o de embalagens pl\u00e1sticas antivirais.<\/p><p>Na ind\u00fastria de cosm\u00e9ticos, j\u00e1 podemos encontrar bisnagas pl\u00e1sticas com essa caracter\u00edstica, elas recebem aplica\u00e7\u00e3o de um aditivo antiviral, na estrutura da embalagem e no verniz, para que toda a superf\u00edcie da embalagem esteja protegida.<\/p>\t\t\t\t\t\t\t\t<\/div>\n\t\t\t\t<\/div>\n\t\t\t\t\t<\/div>\n\t\t<\/div>\n\t\t\t\t\t<\/div>\n\t\t<\/section>\n\t\t\t\t<section class=\"elementor-section elementor-top-section elementor-element elementor-element-665d56a elementor-section-boxed elementor-section-height-default elementor-section-height-default\" data-id=\"665d56a\" data-element_type=\"section\">\n\t\t\t\t\t\t<div class=\"elementor-container elementor-column-gap-default\">\n\t\t\t\t\t<div class=\"elementor-column elementor-col-100 elementor-top-column elementor-element elementor-element-21fb716\" data-id=\"21fb716\" data-element_type=\"column\">\n\t\t\t<div class=\"elementor-widget-wrap elementor-element-populated\">\n\t\t\t\t\t\t<div class=\"elementor-element elementor-element-f2fd396 elementor-widget elementor-widget-image\" data-id=\"f2fd396\" data-element_type=\"widget\" data-widget_type=\"image.default\">\n\t\t\t\t<div class=\"elementor-widget-container\">\n\t\t\t\t\t\t\t\t\t\t\t\t\t\t\t<img fetchpriority=\"high\" decoding=\"async\" width=\"601\" height=\"342\" src=\"https:\/\/toninembalagens.com.br\/wp-content\/uploads\/2022\/11\/2-5-1.png\" class=\"attachment-full size-full wp-image-23600\" alt=\"\" srcset=\"https:\/\/toninembalagens.com.br\/wp-content\/uploads\/2022\/11\/2-5-1.png 601w, https:\/\/toninembalagens.com.br\/wp-content\/uploads\/2022\/11\/2-5-1-300x171.png 300w, https:\/\/toninembalagens.com.br\/wp-content\/uploads\/2022\/11\/2-5-1-18x10.png 18w\" sizes=\"(max-width: 601px) 100vw, 601px\" \/>\t\t\t\t\t\t\t\t\t\t\t\t\t\t\t<\/div>\n\t\t\t\t<\/div>\n\t\t\t\t<div class=\"elementor-element elementor-element-4966a55 elementor-widget elementor-widget-text-editor\" data-id=\"4966a55\" data-element_type=\"widget\" data-widget_type=\"text-editor.default\">\n\t\t\t\t<div class=\"elementor-widget-container\">\n\t\t\t\t\t\t\t\t\t<h2>Embalagens compost\u00e1veis<\/h2><p>As embalagens compost\u00e1veis podem ser umas das tend\u00eancias para o futuro do pl\u00e1stico, j\u00e1 que s\u00e3o vi\u00e1veis para a sustentabilidade e a diminui\u00e7\u00e3o da polui\u00e7\u00e3o do planeta.<\/p><p>Uma embalagem compost\u00e1vel \u00e9 aquela que gera compostos f\u00e9rteis para o solo, elas podem retornar para o planeta de forma mais segura, comparado aos outros tipos de pl\u00e1stico. Mas mesmo com essas caracter\u00edsticas \u00e9 um material que deve ser separado do resto do lixo, para ser coletado e levado aos centros de compostagem, onde s\u00e3o submetidas a condi\u00e7\u00f5es especiais de calor e umidade, facilitando a sua decomposi\u00e7\u00e3o.<\/p>\t\t\t\t\t\t\t\t<\/div>\n\t\t\t\t<\/div>\n\t\t\t\t\t<\/div>\n\t\t<\/div>\n\t\t\t\t\t<\/div>\n\t\t<\/section>\n\t\t\t\t<section class=\"elementor-section elementor-top-section elementor-element elementor-element-3551a32 elementor-section-boxed elementor-section-height-default elementor-section-height-default\" data-id=\"3551a32\" data-element_type=\"section\">\n\t\t\t\t\t\t<div class=\"elementor-container elementor-column-gap-default\">\n\t\t\t\t\t<div class=\"elementor-column elementor-col-100 elementor-top-column elementor-element elementor-element-07501ba\" data-id=\"07501ba\" data-element_type=\"column\">\n\t\t\t<div class=\"elementor-widget-wrap elementor-element-populated\">\n\t\t\t\t\t\t<div class=\"elementor-element elementor-element-f113a40 elementor-widget elementor-widget-image\" data-id=\"f113a40\" data-element_type=\"widget\" data-widget_type=\"image.default\">\n\t\t\t\t<div class=\"elementor-widget-container\">\n\t\t\t\t\t\t\t\t\t\t\t\t\t\t\t<img decoding=\"async\" width=\"601\" height=\"342\" src=\"https:\/\/toninembalagens.com.br\/wp-content\/uploads\/2022\/11\/3-7-1.png\" class=\"attachment-full size-full wp-image-23601\" alt=\"\" srcset=\"https:\/\/toninembalagens.com.br\/wp-content\/uploads\/2022\/11\/3-7-1.png 601w, https:\/\/toninembalagens.com.br\/wp-content\/uploads\/2022\/11\/3-7-1-300x171.png 300w, https:\/\/toninembalagens.com.br\/wp-content\/uploads\/2022\/11\/3-7-1-18x10.png 18w\" sizes=\"(max-width: 601px) 100vw, 601px\" \/>\t\t\t\t\t\t\t\t\t\t\t\t\t\t\t<\/div>\n\t\t\t\t<\/div>\n\t\t\t\t<div class=\"elementor-element elementor-element-387181f elementor-widget elementor-widget-text-editor\" data-id=\"387181f\" data-element_type=\"widget\" data-widget_type=\"text-editor.default\">\n\t\t\t\t<div class=\"elementor-widget-container\">\n\t\t\t\t\t\t\t\t\t<h2>Embalagens personalizadas para o e-commerce<\/h2><p>Com o grande crescimento do e-commerce, as marcas e lojas vem se adequando a esta realidade. As embalagens pl\u00e1sticas t\u00eam grande participa\u00e7\u00e3o nas vendas virtuais, pois protegem o produto at\u00e9 chegar ao consumidor final, al\u00e9m de ser o primeiro contato que o cliente tem com a marca.<\/p><p>Para o e-commerce \u00e9 crescente a demanda de embalagens com bom design, que protejam e facilitam o transporte dos produtos. A tend\u00eancia para o futuro \u00e9 o surgimento de embalagens personalizadas que atendam cada vez mais as necessidades das lojas virtuais.<\/p>\t\t\t\t\t\t\t\t<\/div>\n\t\t\t\t<\/div>\n\t\t\t\t<div class=\"elementor-element elementor-element-2a5313d elementor-widget elementor-widget-image\" data-id=\"2a5313d\" data-element_type=\"widget\" data-widget_type=\"image.default\">\n\t\t\t\t<div class=\"elementor-widget-container\">\n\t\t\t\t\t\t\t\t\t\t\t\t\t\t\t<img decoding=\"async\" width=\"601\" height=\"343\" src=\"https:\/\/toninembalagens.com.br\/wp-content\/uploads\/2022\/11\/Prancheta1_4-10-1.png\" class=\"attachment-large size-large wp-image-23330\" alt=\"\" srcset=\"https:\/\/toninembalagens.com.br\/wp-content\/uploads\/2022\/11\/Prancheta1_4-10-1.png 601w, https:\/\/toninembalagens.com.br\/wp-content\/uploads\/2022\/11\/Prancheta1_4-10-1-300x171.png 300w, https:\/\/toninembalagens.com.br\/wp-content\/uploads\/2022\/11\/Prancheta1_4-10-1-18x10.png 18w\" sizes=\"(max-width: 601px) 100vw, 601px\" \/>\t\t\t\t\t\t\t\t\t\t\t\t\t\t\t<\/div>\n\t\t\t\t<\/div>\n\t\t\t\t<div class=\"elementor-element elementor-element-a18ca1f elementor-widget elementor-widget-text-editor\" data-id=\"a18ca1f\" data-element_type=\"widget\" data-widget_type=\"text-editor.default\">\n\t\t\t\t<div class=\"elementor-widget-container\">\n\t\t\t\t\t\t\t\t\t<p>O futuro das embalagens pl\u00e1sticas vai seguir o caminho da sustentabilidade, se tornando um material cada vez mais ecologicamente correto, sem deixar de lado a import\u00e2ncia do material para a economia e as ind\u00fastrias.<\/p><p>A Tonin Embalagens se preocupa com os cuidados do meio ambiente e com a entrega de solu\u00e7\u00f5es inteligentes para embalar produtos de diversos setores industriais. Para conhecer mais de nossas embalagens pl\u00e1sticas, confira nossa <span style=\"text-decoration: underline; color: #3366ff;\"><strong><a style=\"color: #3366ff; text-decoration: underline;\" href=\"https:\/\/toninembalagens.com.br\/en\/produtos\/#mantas\">Industrial Line<\/a>.<\/strong><\/span><\/p>\t\t\t\t\t\t\t\t<\/div>\n\t\t\t\t<\/div>\n\t\t\t\t\t<\/div>\n\t\t<\/div>\n\t\t\t\t\t<\/div>\n\t\t<\/section>\n\t\t\t\t<\/div>","protected":false},"excerpt":{"rendered":"<p>O futuro das embalagens pl\u00e1sticas vem sendo discutido e a ind\u00fastria vem buscando melhorias na utiliza\u00e7\u00e3o deste material, para colaborar mais com a preserva\u00e7\u00e3o do meio ambiente.<\/p>\n<p> <a class=\"more-link\" href=\"https:\/\/toninembalagens.com.br\/en\/tendencia-para-o-futuro-das-embalagens-plasticas\/\">Read more<\/a><\/p>","protected":false},"author":2,"featured_media":23599,"comment_status":"open","ping_status":"open","sticky":false,"template":"","format":"standard","meta":{"footnotes":""},"categories":[77,82],"tags":[113,84,81],"class_list":{"0":"post-23598","1":"post","2":"type-post","3":"status-publish","4":"format-standard","5":"has-post-thumbnail","7":"category-beneficios","8":"category-industria-do-plastico","9":"tag-futuro-das-embalagens-plasticas","10":"tag-plastico","11":"tag-tonin"},"_links":{"self":[{"href":"https:\/\/toninembalagens.com.br\/en\/wp-json\/wp\/v2\/posts\/23598","targetHints":{"allow":["GET"]}}],"collection":[{"href":"https:\/\/toninembalagens.com.br\/en\/wp-json\/wp\/v2\/posts"}],"about":[{"href":"https:\/\/toninembalagens.com.br\/en\/wp-json\/wp\/v2\/types\/post"}],"author":[{"embeddable":true,"href":"https:\/\/toninembalagens.com.br\/en\/wp-json\/wp\/v2\/users\/2"}],"replies":[{"embeddable":true,"href":"https:\/\/toninembalagens.com.br\/en\/wp-json\/wp\/v2\/comments?post=23598"}],"version-history":[{"count":10,"href":"https:\/\/toninembalagens.com.br\/en\/wp-json\/wp\/v2\/posts\/23598\/revisions"}],"predecessor-version":[{"id":25264,"href":"https:\/\/toninembalagens.com.br\/en\/wp-json\/wp\/v2\/posts\/23598\/revisions\/25264"}],"wp:featuredmedia":[{"embeddable":true,"href":"https:\/\/toninembalagens.com.br\/en\/wp-json\/wp\/v2\/media\/23599"}],"wp:attachment":[{"href":"https:\/\/toninembalagens.com.br\/en\/wp-json\/wp\/v2\/media?parent=23598"}],"wp:term":[{"taxonomy":"category","embeddable":true,"href":"https:\/\/toninembalagens.com.br\/en\/wp-json\/wp\/v2\/categories?post=23598"},{"taxonomy":"post_tag","embeddable":true,"href":"https:\/\/toninembalagens.com.br\/en\/wp-json\/wp\/v2\/tags?post=23598"}],"curies":[{"name":"wp","href":"https:\/\/api.w.org\/{rel}","templated":true}]}}