{"id":16643,"date":"2021-12-14T18:15:04","date_gmt":"2021-12-14T21:15:04","guid":{"rendered":"https:\/\/toninembalagens.com.br\/?p=16643"},"modified":"2021-12-14T18:15:06","modified_gmt":"2021-12-14T21:15:06","slug":"o-quanto-a-poluicao-sonora-afeta-a-sua-vida-e-a-sociedade","status":"publish","type":"post","link":"https:\/\/toninembalagens.com.br\/en\/o-quanto-a-poluicao-sonora-afeta-a-sua-vida-e-a-sociedade\/","title":{"rendered":"O quanto a polui\u00e7\u00e3o sonora afeta a sua vida e a sociedade?"},"content":{"rendered":"<div data-elementor-type=\"wp-post\" data-elementor-id=\"16643\" class=\"elementor elementor-16643\">\n\t\t\t\t\t\t<section class=\"elementor-section elementor-top-section elementor-element elementor-element-84c0ba6 elementor-section-boxed elementor-section-height-default elementor-section-height-default\" data-id=\"84c0ba6\" data-element_type=\"section\">\n\t\t\t\t\t\t<div class=\"elementor-container elementor-column-gap-default\">\n\t\t\t\t\t<div class=\"elementor-column elementor-col-100 elementor-top-column elementor-element elementor-element-74f08a4\" data-id=\"74f08a4\" data-element_type=\"column\">\n\t\t\t<div class=\"elementor-widget-wrap elementor-element-populated\">\n\t\t\t\t\t\t<div class=\"elementor-element elementor-element-ac8daab elementor-widget elementor-widget-text-editor\" data-id=\"ac8daab\" data-element_type=\"widget\" data-widget_type=\"text-editor.default\">\n\t\t\t\t<div class=\"elementor-widget-container\">\n\t\t\t\t\t\t\t\t\t<p>Dados divulgados pela Organiza\u00e7\u00e3o Mundial da Sa\u00fade mostram que uma em cada tr\u00eas pessoas na Europa s\u00e3o expostas a altos volumes de som ao longo do dia, e 20% n\u00e3o t\u00eam um sono tranquilo devido ao excesso de ru\u00eddo.<\/p><p>No Brasil a hist\u00f3ria n\u00e3o \u00e9 diferente, de acordo com a OMS ocupamos o quinto lugar no ranking dos pa\u00edses com o maior \u00edndice de polui\u00e7\u00e3o sonora. Dados mostram que por volta de 65 a 70% do inc\u00f4modo das pessoas est\u00e3o associadas ao tr\u00e2nsito, ou seja, ao ru\u00eddo rodovi\u00e1rio.<\/p><p>Da sa\u00fade ao desenvolvimento do aprendizado, passando por quest\u00f5es econ\u00f4micas e sociais, al\u00e9m de conflitos judiciais e at\u00e9 mesmo crimes. Todos esses fatores podem ser influenciados pela polui\u00e7\u00e3o sonora ou por outros problemas com barulho e com a falta de isolamento ac\u00fastico correto.<\/p><p>Por essa raz\u00e3o, vamos apresentar ao longo deste artigo alguns aspectos que est\u00e3o indiretamente relacionados pela exposi\u00e7\u00e3o aos ru\u00eddos.<\/p>\t\t\t\t\t\t\t\t<\/div>\n\t\t\t\t<\/div>\n\t\t\t\t\t<\/div>\n\t\t<\/div>\n\t\t\t\t\t<\/div>\n\t\t<\/section>\n\t\t\t\t<section class=\"elementor-section elementor-top-section elementor-element elementor-element-665d56a elementor-section-boxed elementor-section-height-default elementor-section-height-default\" data-id=\"665d56a\" data-element_type=\"section\">\n\t\t\t\t\t\t<div class=\"elementor-container elementor-column-gap-default\">\n\t\t\t\t\t<div class=\"elementor-column elementor-col-100 elementor-top-column elementor-element elementor-element-21fb716\" data-id=\"21fb716\" data-element_type=\"column\">\n\t\t\t<div class=\"elementor-widget-wrap elementor-element-populated\">\n\t\t\t\t\t\t<div class=\"elementor-element elementor-element-f2fd396 elementor-widget elementor-widget-image\" data-id=\"f2fd396\" data-element_type=\"widget\" data-widget_type=\"image.default\">\n\t\t\t\t<div class=\"elementor-widget-container\">\n\t\t\t\t\t\t\t\t\t\t\t\t\t\t\t<img fetchpriority=\"high\" decoding=\"async\" width=\"1920\" height=\"1080\" src=\"https:\/\/toninembalagens.com.br\/wp-content\/uploads\/2021\/12\/2-11.jpg\" class=\"attachment-full size-full wp-image-16644\" alt=\"\" srcset=\"https:\/\/toninembalagens.com.br\/wp-content\/uploads\/2021\/12\/2-11.jpg 1920w, https:\/\/toninembalagens.com.br\/wp-content\/uploads\/2021\/12\/2-11-300x169.jpg 300w, https:\/\/toninembalagens.com.br\/wp-content\/uploads\/2021\/12\/2-11-1024x576.jpg 1024w, https:\/\/toninembalagens.com.br\/wp-content\/uploads\/2021\/12\/2-11-768x432.jpg 768w, https:\/\/toninembalagens.com.br\/wp-content\/uploads\/2021\/12\/2-11-1536x864.jpg 1536w, https:\/\/toninembalagens.com.br\/wp-content\/uploads\/2021\/12\/2-11-600x338.jpg 600w\" sizes=\"(max-width: 1920px) 100vw, 1920px\" \/>\t\t\t\t\t\t\t\t\t\t\t\t\t\t\t<\/div>\n\t\t\t\t<\/div>\n\t\t\t\t<div class=\"elementor-element elementor-element-4966a55 elementor-widget elementor-widget-text-editor\" data-id=\"4966a55\" data-element_type=\"widget\" data-widget_type=\"text-editor.default\">\n\t\t\t\t<div class=\"elementor-widget-container\">\n\t\t\t\t\t\t\t\t\t<h4>Polui\u00e7\u00e3o sonora e problemas com a sa\u00fade<\/h4><p>O primeiro ponto a ser considerado \u00e9 como o barulho afeta o organismo humano e como favorece para o desenvolvimento de in\u00fameros problemas de sa\u00fade. Entre os problemas de sa\u00fade que t\u00eam rela\u00e7\u00e3o com o barulho est\u00e3o aqueles relacionados \u00e0 audi\u00e7\u00e3o e ao estresse.<\/p><p>Uma vez que a polui\u00e7\u00e3o sonora contribui para o aumento de casos de surdez e gera problemas psicol\u00f3gicos, t\u00edpica situa\u00e7\u00e3o de problema de sa\u00fade p\u00fablica nas grandes cidades.<\/p><p>A exposi\u00e7\u00e3o ao barulho pode causar problemas como: estresse, acelera\u00e7\u00e3o dos batimentos card\u00edacos, aumento da press\u00e3o arterial, dificuldades para dormir, ansiedade, depress\u00e3o, hipertens\u00e3o, entre outros. \u00c9 importante lembrar que a contribui\u00e7\u00e3o da polui\u00e7\u00e3o sonora para a ocorr\u00eancia desses males varia em cada organismo e depende do tempo e da intensidade do ru\u00eddo ao qual a pessoa est\u00e1 exposta.<\/p>\t\t\t\t\t\t\t\t<\/div>\n\t\t\t\t<\/div>\n\t\t\t\t\t<\/div>\n\t\t<\/div>\n\t\t\t\t\t<\/div>\n\t\t<\/section>\n\t\t\t\t<section class=\"elementor-section elementor-top-section elementor-element elementor-element-3551a32 elementor-section-boxed elementor-section-height-default elementor-section-height-default\" data-id=\"3551a32\" data-element_type=\"section\">\n\t\t\t\t\t\t<div class=\"elementor-container elementor-column-gap-default\">\n\t\t\t\t\t<div class=\"elementor-column elementor-col-100 elementor-top-column elementor-element elementor-element-07501ba\" data-id=\"07501ba\" data-element_type=\"column\">\n\t\t\t<div class=\"elementor-widget-wrap elementor-element-populated\">\n\t\t\t\t\t\t<div class=\"elementor-element elementor-element-f113a40 elementor-widget elementor-widget-image\" data-id=\"f113a40\" data-element_type=\"widget\" data-widget_type=\"image.default\">\n\t\t\t\t<div class=\"elementor-widget-container\">\n\t\t\t\t\t\t\t\t\t\t\t\t\t\t\t<img decoding=\"async\" width=\"1920\" height=\"1080\" src=\"https:\/\/toninembalagens.com.br\/wp-content\/uploads\/2021\/12\/3-10.jpg\" class=\"attachment-full size-full wp-image-16645\" alt=\"\" srcset=\"https:\/\/toninembalagens.com.br\/wp-content\/uploads\/2021\/12\/3-10.jpg 1920w, https:\/\/toninembalagens.com.br\/wp-content\/uploads\/2021\/12\/3-10-300x169.jpg 300w, https:\/\/toninembalagens.com.br\/wp-content\/uploads\/2021\/12\/3-10-1024x576.jpg 1024w, https:\/\/toninembalagens.com.br\/wp-content\/uploads\/2021\/12\/3-10-768x432.jpg 768w, https:\/\/toninembalagens.com.br\/wp-content\/uploads\/2021\/12\/3-10-1536x864.jpg 1536w, https:\/\/toninembalagens.com.br\/wp-content\/uploads\/2021\/12\/3-10-600x338.jpg 600w\" sizes=\"(max-width: 1920px) 100vw, 1920px\" \/>\t\t\t\t\t\t\t\t\t\t\t\t\t\t\t<\/div>\n\t\t\t\t<\/div>\n\t\t\t\t<div class=\"elementor-element elementor-element-282e3e6 elementor-widget elementor-widget-text-editor\" data-id=\"282e3e6\" data-element_type=\"widget\" data-widget_type=\"text-editor.default\">\n\t\t\t\t<div class=\"elementor-widget-container\">\n\t\t\t\t\t\t\t\t\t<h4>Como \u00e9 poss\u00edvel livrar-se do barulho?<\/h4><p>Estar livre dos problemas com ru\u00eddos \u00e9 uma tarefa quase imposs\u00edvel na sociedade. Mas h\u00e1 solu\u00e7\u00f5es ac\u00fasticas capazes de diminuir os efeitos da polui\u00e7\u00e3o sonora no organismo humano e nas rela\u00e7\u00f5es sociais.<\/p><p>O tratamento ac\u00fastico nos ambientes s\u00e3o as solu\u00e7\u00f5es mais eficientes para combater a polui\u00e7\u00e3o sonora.<\/p><p>Atingir o conforto ac\u00fastico e reduzir os impactos do barulho demanda apoio de profissionais especializados. Por essa raz\u00e3o vamos apresentar a manta de isolamento termo-ac\u00fastico para pisos e paredes.<\/p><p>The thermo-acoustic insulation blanket for floors and walls was developed with state-of-the-art technology and guided by extensive research, its efficiency has been proven through technical tests. Developed to present high efficiency and excellent cost-benefit in the field of civil construction.<\/p><p>The blanket isolates the sound between floors and walls, providing quieter and more peaceful environments, in addition to stabilizing the temperature, helping to keep your spaces with the thermal sensation always pleasant.<\/p><p>Quer ter maior qualidade de vida e livrar-se dos problemas com o excesso de barulho? Entre em <a href=\"https:\/\/toninembalagens.com.br\/en\/#contato\">contato<\/a> com a gente e saiba mais.<\/p>\t\t\t\t\t\t\t\t<\/div>\n\t\t\t\t<\/div>\n\t\t\t\t\t<\/div>\n\t\t<\/div>\n\t\t\t\t\t<\/div>\n\t\t<\/section>\n\t\t\t\t<\/div>","protected":false},"excerpt":{"rendered":"<p>Dados divulgados pela Organiza\u00e7\u00e3o Mundial da Sa\u00fade mostram que uma em cada tr\u00eas pessoas na Europa s\u00e3o expostas a altos volumes de som ao longo do dia, e 20% n\u00e3o t\u00eam um sono tranquilo devido ao excesso de ru\u00eddo. <\/p>\n<p> <a class=\"more-link\" href=\"https:\/\/toninembalagens.com.br\/en\/o-quanto-a-poluicao-sonora-afeta-a-sua-vida-e-a-sociedade\/\">Read more<\/a><\/p>","protected":false},"author":2,"featured_media":16652,"comment_status":"open","ping_status":"open","sticky":false,"template":"","format":"standard","meta":{"footnotes":""},"categories":[77,82],"tags":[89,84,88,85,81],"class_list":{"0":"post-16643","1":"post","2":"type-post","3":"status-publish","4":"format-standard","5":"has-post-thumbnail","7":"category-beneficios","8":"category-industria-do-plastico","9":"tag-isolamento-acustico","10":"tag-plastico","11":"tag-poluicao-sonora","12":"tag-sustentabilidade","13":"tag-tonin"},"_links":{"self":[{"href":"https:\/\/toninembalagens.com.br\/en\/wp-json\/wp\/v2\/posts\/16643","targetHints":{"allow":["GET"]}}],"collection":[{"href":"https:\/\/toninembalagens.com.br\/en\/wp-json\/wp\/v2\/posts"}],"about":[{"href":"https:\/\/toninembalagens.com.br\/en\/wp-json\/wp\/v2\/types\/post"}],"author":[{"embeddable":true,"href":"https:\/\/toninembalagens.com.br\/en\/wp-json\/wp\/v2\/users\/2"}],"replies":[{"embeddable":true,"href":"https:\/\/toninembalagens.com.br\/en\/wp-json\/wp\/v2\/comments?post=16643"}],"version-history":[{"count":7,"href":"https:\/\/toninembalagens.com.br\/en\/wp-json\/wp\/v2\/posts\/16643\/revisions"}],"predecessor-version":[{"id":16653,"href":"https:\/\/toninembalagens.com.br\/en\/wp-json\/wp\/v2\/posts\/16643\/revisions\/16653"}],"wp:featuredmedia":[{"embeddable":true,"href":"https:\/\/toninembalagens.com.br\/en\/wp-json\/wp\/v2\/media\/16652"}],"wp:attachment":[{"href":"https:\/\/toninembalagens.com.br\/en\/wp-json\/wp\/v2\/media?parent=16643"}],"wp:term":[{"taxonomy":"category","embeddable":true,"href":"https:\/\/toninembalagens.com.br\/en\/wp-json\/wp\/v2\/categories?post=16643"},{"taxonomy":"post_tag","embeddable":true,"href":"https:\/\/toninembalagens.com.br\/en\/wp-json\/wp\/v2\/tags?post=16643"}],"curies":[{"name":"wp","href":"https:\/\/api.w.org\/{rel}","templated":true}]}}